{"id":427,"date":"2024-01-06T13:34:13","date_gmt":"2024-01-06T13:34:13","guid":{"rendered":"https:\/\/omuldinpod.ro\/?p=427"},"modified":"2024-01-06T13:39:35","modified_gmt":"2024-01-06T13:39:35","slug":"sa-pot-manca-privire","status":"publish","type":"post","link":"https:\/\/omuldinpod.ro\/index.php\/2024\/01\/06\/sa-pot-manca-privire\/","title":{"rendered":"S\u0103 pot m\u00e2nca privire"},"content":{"rendered":"\t\t<div data-elementor-type=\"wp-post\" data-elementor-id=\"427\" class=\"elementor elementor-427\">\n\t\t\t\t\t\t\t<div class=\"elementor-element elementor-element-7e6ee60 e-flex e-con-boxed e-con e-parent\" data-id=\"7e6ee60\" data-element_type=\"container\" data-settings=\"{&quot;content_width&quot;:&quot;boxed&quot;}\" data-core-v316-plus=\"true\">\n\t\t\t\t\t<div class=\"e-con-inner\">\n\t\t\t\t<div class=\"elementor-element elementor-element-e257d28 elementor-widget elementor-widget-text-editor\" data-id=\"e257d28\" data-element_type=\"widget\" data-widget_type=\"text-editor.default\">\n\t\t\t\t<div class=\"elementor-widget-container\">\n\t\t\t<style>\/*! elementor - v3.18.0 - 20-12-2023 *\/\n.elementor-widget-text-editor.elementor-drop-cap-view-stacked .elementor-drop-cap{background-color:#69727d;color:#fff}.elementor-widget-text-editor.elementor-drop-cap-view-framed .elementor-drop-cap{color:#69727d;border:3px solid;background-color:transparent}.elementor-widget-text-editor:not(.elementor-drop-cap-view-default) .elementor-drop-cap{margin-top:8px}.elementor-widget-text-editor:not(.elementor-drop-cap-view-default) .elementor-drop-cap-letter{width:1em;height:1em}.elementor-widget-text-editor .elementor-drop-cap{float:left;text-align:center;line-height:1;font-size:50px}.elementor-widget-text-editor .elementor-drop-cap-letter{display:inline-block}<\/style>\t\t\t\t<blockquote><p>Tr\u0103d\u0103tori piti\u021bi \u00eeng\u00e2n\u0103 r\u0103stimpul vie\u021bii, <br \/>Iar c\u00e2nd seara vine suduie roua dimine\u021bii <br \/>Ard ca flac\u0103ra \u00een ap\u0103, frig precum z\u0103pada<br \/>Scot s\u0103r\u0103cie din comori, leul alearg\u0103 prada<\/p><p>F\u0103clia min\u021bii tale mistuie \u00een gol, <br \/>Iar ochii t\u0103i de c\u00e2rpe adun\u0103 frig \u0219i dor<br \/>Cerul \u00eemi aminte\u0219te vag de un murdar covor,<br \/>C\u00e2nd figuran\u021bii min\u021bii mele se \u00eempiedic\u0103-n decor <br \/>Cine e\u0219ti? Cotrob\u0103i eu \u00een sine? <br \/>\u0218i ce dore\u0219ti? M\u0103 \u00eentrebi tu pe mine? <br \/>S\u0103 beau doar ap\u0103 chioar\u0103, s\u0103 pot m\u00e2nca privire&#8230;<\/p><\/blockquote>\t\t\t\t\t\t<\/div>\n\t\t\t\t<\/div>\n\t\t\t\t\t<\/div>\n\t\t\t\t<\/div>\n\t\t\t\t\t\t\t<\/div>\n\t\t","protected":false},"excerpt":{"rendered":"<p>Tr\u0103d\u0103tori piti\u021bi \u00eeng\u00e2n\u0103 r\u0103stimpul vie\u021bii, Iar c\u00e2nd seara vine suduie roua dimine\u021bii Ard ca flac\u0103ra&#8230;<\/p>\n","protected":false},"author":1,"featured_media":0,"comment_status":"open","ping_status":"open","sticky":false,"template":"","format":"standard","meta":{"footnotes":""},"categories":[4,6],"tags":[],"aioseo_notices":[],"_links":{"self":[{"href":"https:\/\/omuldinpod.ro\/index.php\/wp-json\/wp\/v2\/posts\/427"}],"collection":[{"href":"https:\/\/omuldinpod.ro\/index.php\/wp-json\/wp\/v2\/posts"}],"about":[{"href":"https:\/\/omuldinpod.ro\/index.php\/wp-json\/wp\/v2\/types\/post"}],"author":[{"embeddable":true,"href":"https:\/\/omuldinpod.ro\/index.php\/wp-json\/wp\/v2\/users\/1"}],"replies":[{"embeddable":true,"href":"https:\/\/omuldinpod.ro\/index.php\/wp-json\/wp\/v2\/comments?post=427"}],"version-history":[{"count":4,"href":"https:\/\/omuldinpod.ro\/index.php\/wp-json\/wp\/v2\/posts\/427\/revisions"}],"predecessor-version":[{"id":431,"href":"https:\/\/omuldinpod.ro\/index.php\/wp-json\/wp\/v2\/posts\/427\/revisions\/431"}],"wp:attachment":[{"href":"https:\/\/omuldinpod.ro\/index.php\/wp-json\/wp\/v2\/media?parent=427"}],"wp:term":[{"taxonomy":"category","embeddable":true,"href":"https:\/\/omuldinpod.ro\/index.php\/wp-json\/wp\/v2\/categories?post=427"},{"taxonomy":"post_tag","embeddable":true,"href":"https:\/\/omuldinpod.ro\/index.php\/wp-json\/wp\/v2\/tags?post=427"}],"curies":[{"name":"wp","href":"https:\/\/api.w.org\/{rel}","templated":true}]}}