{"id":409,"date":"2024-01-06T12:39:08","date_gmt":"2024-01-06T12:39:08","guid":{"rendered":"https:\/\/omuldinpod.ro\/?p=409"},"modified":"2024-01-06T13:20:09","modified_gmt":"2024-01-06T13:20:09","slug":"canta-mi-pasul","status":"publish","type":"post","link":"https:\/\/omuldinpod.ro\/index.php\/2024\/01\/06\/canta-mi-pasul\/","title":{"rendered":"C\u00e2nt\u0103-mi pasul&#8230;"},"content":{"rendered":"\t\t<div data-elementor-type=\"wp-post\" data-elementor-id=\"409\" class=\"elementor elementor-409\">\n\t\t\t\t\t\t\t<div class=\"elementor-element elementor-element-fada253 e-flex e-con-boxed e-con e-parent\" data-id=\"fada253\" data-element_type=\"container\" data-settings=\"{&quot;content_width&quot;:&quot;boxed&quot;}\" data-core-v316-plus=\"true\">\n\t\t\t\t\t<div class=\"e-con-inner\">\n\t\t\t\t<div class=\"elementor-element elementor-element-52ae6fc elementor-widget elementor-widget-text-editor\" data-id=\"52ae6fc\" data-element_type=\"widget\" data-widget_type=\"text-editor.default\">\n\t\t\t\t<div class=\"elementor-widget-container\">\n\t\t\t<style>\/*! elementor - v3.18.0 - 20-12-2023 *\/\n.elementor-widget-text-editor.elementor-drop-cap-view-stacked .elementor-drop-cap{background-color:#69727d;color:#fff}.elementor-widget-text-editor.elementor-drop-cap-view-framed .elementor-drop-cap{color:#69727d;border:3px solid;background-color:transparent}.elementor-widget-text-editor:not(.elementor-drop-cap-view-default) .elementor-drop-cap{margin-top:8px}.elementor-widget-text-editor:not(.elementor-drop-cap-view-default) .elementor-drop-cap-letter{width:1em;height:1em}.elementor-widget-text-editor .elementor-drop-cap{float:left;text-align:center;line-height:1;font-size:50px}.elementor-widget-text-editor .elementor-drop-cap-letter{display:inline-block}<\/style>\t\t\t\t<blockquote><p>Am o durere surd\u0103 care-mi c\u00e2nt\u0103 pa\u0219ii \u00een noapte,<br \/>Am un ochi desprins care vede-n ploi, departe<\/p><p><br \/>Cite\u0219te-mi glasul fin, de lut <br \/>\u0218i modeleaz\u0103-mi pasul surd,<br \/>Arat\u0103-mi plapuma de riduri <br \/>Unde to\u021bi ce-au fost odat\u0103 <br \/>\u00cemi vor citi glasul \u00eendat\u0103,<br \/>\u0218i c\u00e2nt\u0103-mi pasul \u00eentre ziduri&#8230;<\/p><\/blockquote>\t\t\t\t\t\t<\/div>\n\t\t\t\t<\/div>\n\t\t\t\t\t<\/div>\n\t\t\t\t<\/div>\n\t\t\t\t\t\t\t<\/div>\n\t\t","protected":false},"excerpt":{"rendered":"<p>Am o durere surd\u0103 care-mi c\u00e2nt\u0103 pa\u0219ii \u00een noapte,Am un ochi desprins care vede-n ploi,&#8230;<\/p>\n","protected":false},"author":1,"featured_media":0,"comment_status":"open","ping_status":"open","sticky":false,"template":"","format":"standard","meta":{"footnotes":""},"categories":[4,6],"tags":[],"aioseo_notices":[],"_links":{"self":[{"href":"https:\/\/omuldinpod.ro\/index.php\/wp-json\/wp\/v2\/posts\/409"}],"collection":[{"href":"https:\/\/omuldinpod.ro\/index.php\/wp-json\/wp\/v2\/posts"}],"about":[{"href":"https:\/\/omuldinpod.ro\/index.php\/wp-json\/wp\/v2\/types\/post"}],"author":[{"embeddable":true,"href":"https:\/\/omuldinpod.ro\/index.php\/wp-json\/wp\/v2\/users\/1"}],"replies":[{"embeddable":true,"href":"https:\/\/omuldinpod.ro\/index.php\/wp-json\/wp\/v2\/comments?post=409"}],"version-history":[{"count":3,"href":"https:\/\/omuldinpod.ro\/index.php\/wp-json\/wp\/v2\/posts\/409\/revisions"}],"predecessor-version":[{"id":412,"href":"https:\/\/omuldinpod.ro\/index.php\/wp-json\/wp\/v2\/posts\/409\/revisions\/412"}],"wp:attachment":[{"href":"https:\/\/omuldinpod.ro\/index.php\/wp-json\/wp\/v2\/media?parent=409"}],"wp:term":[{"taxonomy":"category","embeddable":true,"href":"https:\/\/omuldinpod.ro\/index.php\/wp-json\/wp\/v2\/categories?post=409"},{"taxonomy":"post_tag","embeddable":true,"href":"https:\/\/omuldinpod.ro\/index.php\/wp-json\/wp\/v2\/tags?post=409"}],"curies":[{"name":"wp","href":"https:\/\/api.w.org\/{rel}","templated":true}]}}