{"id":399,"date":"2024-01-06T12:34:38","date_gmt":"2024-01-06T12:34:38","guid":{"rendered":"https:\/\/omuldinpod.ro\/?p=399"},"modified":"2024-01-06T12:35:19","modified_gmt":"2024-01-06T12:35:19","slug":"se-naste-inca-un-prag","status":"publish","type":"post","link":"https:\/\/omuldinpod.ro\/index.php\/2024\/01\/06\/se-naste-inca-un-prag\/","title":{"rendered":"Se na\u0219te \u00eenc\u0103 un prag"},"content":{"rendered":"\t\t<div data-elementor-type=\"wp-post\" data-elementor-id=\"399\" class=\"elementor elementor-399\">\n\t\t\t\t\t\t\t<div class=\"elementor-element elementor-element-5ace95a e-flex e-con-boxed e-con e-parent\" data-id=\"5ace95a\" data-element_type=\"container\" data-settings=\"{&quot;content_width&quot;:&quot;boxed&quot;}\" data-core-v316-plus=\"true\">\n\t\t\t\t\t<div class=\"e-con-inner\">\n\t\t\t\t<div class=\"elementor-element elementor-element-0e9f29e elementor-widget elementor-widget-text-editor\" data-id=\"0e9f29e\" data-element_type=\"widget\" data-widget_type=\"text-editor.default\">\n\t\t\t\t<div class=\"elementor-widget-container\">\n\t\t\t<style>\/*! elementor - v3.18.0 - 20-12-2023 *\/\n.elementor-widget-text-editor.elementor-drop-cap-view-stacked .elementor-drop-cap{background-color:#69727d;color:#fff}.elementor-widget-text-editor.elementor-drop-cap-view-framed .elementor-drop-cap{color:#69727d;border:3px solid;background-color:transparent}.elementor-widget-text-editor:not(.elementor-drop-cap-view-default) .elementor-drop-cap{margin-top:8px}.elementor-widget-text-editor:not(.elementor-drop-cap-view-default) .elementor-drop-cap-letter{width:1em;height:1em}.elementor-widget-text-editor .elementor-drop-cap{float:left;text-align:center;line-height:1;font-size:50px}.elementor-widget-text-editor .elementor-drop-cap-letter{display:inline-block}<\/style>\t\t\t\t<blockquote><p>Nu-i Dracu at\u00e2t de negru, nici Dumnezeu at\u00e2t de alb<br \/>Durerea este via\u021ba ce na\u0219te \u00eenc\u0103 un prag, <br \/>\u0218i t\u0103lpile te dor, g\u00e2tul te mu\u0219c\u0103 \u00eencet <br \/>Ce dor mi-e de p\u0103m\u00e2nt, c\u00e2nd m\u0103 \u00eendrept spre cer<\/p><p>Lacrima \u021bi-e aspr\u0103, \u0219i n-are vreun defect, <br \/>Lacrim\u0103 albastr\u0103, pe un obraz perfect <br \/>Tu rupi ciulini din mine, c\u00e2nd via\u021ba m\u0103 doare <br \/>\u0218i vocea ta m\u0103 pip\u0103ie din cap p\u00e2n\u0103 \u00een picioare<\/p><p>De ce m\u0103 dori? Tu corp str\u0103in, intrat \u00een organism,<br \/>De ce m\u0103 arde g\u00e2tul? Unde \u00eemi zboar\u0103 capul? <br \/>De ce m\u0103 arde pieptul \u0219i m\u0103 \u00eembrac\u0103 praful? <br \/>A\u0219 vrea s\u0103 fiu \u0219i eu cum sunte\u021bi voi, copii de foi&#8230;<\/p><p>F\u0103r\u0103 dureri \u00een g\u00e2nd, zi de zi oameni noi,<br \/>Vai de mine, vai de voi, vai de soare, vai de ploi&#8230;<br \/>M\u0103 doare oameni buni&#8230; \u0219i-n minte \u0219i \u00een corp,<br \/>M\u0103 doare oameni r\u0103i&#8230; m\u0103 doare cu un scop<\/p><p>\u0218i de m\u0103 doare ce? Sunt eu singurul oare? <br \/>Ce-l doare \u00een c\u0103lc\u00e2ie, \u00een zbor \u0219i \u00een picare&#8230;<br \/>Las\u0103-m\u0103 s\u0103 fiu, s\u0103-mi ard ochii din cap<br \/>Las\u0103-l s\u0103 m\u0103 doar\u0103, se na\u0219te \u00eenc\u0103 un prag&#8230; <\/p><\/blockquote>\t\t\t\t\t\t<\/div>\n\t\t\t\t<\/div>\n\t\t\t\t\t<\/div>\n\t\t\t\t<\/div>\n\t\t\t\t\t\t\t<\/div>\n\t\t","protected":false},"excerpt":{"rendered":"<p>Nu-i Dracu at\u00e2t de negru, nici Dumnezeu at\u00e2t de albDurerea este via\u021ba ce na\u0219te \u00eenc\u0103&#8230;<\/p>\n","protected":false},"author":1,"featured_media":0,"comment_status":"open","ping_status":"open","sticky":false,"template":"","format":"standard","meta":{"footnotes":""},"categories":[4,6],"tags":[],"aioseo_notices":[],"_links":{"self":[{"href":"https:\/\/omuldinpod.ro\/index.php\/wp-json\/wp\/v2\/posts\/399"}],"collection":[{"href":"https:\/\/omuldinpod.ro\/index.php\/wp-json\/wp\/v2\/posts"}],"about":[{"href":"https:\/\/omuldinpod.ro\/index.php\/wp-json\/wp\/v2\/types\/post"}],"author":[{"embeddable":true,"href":"https:\/\/omuldinpod.ro\/index.php\/wp-json\/wp\/v2\/users\/1"}],"replies":[{"embeddable":true,"href":"https:\/\/omuldinpod.ro\/index.php\/wp-json\/wp\/v2\/comments?post=399"}],"version-history":[{"count":4,"href":"https:\/\/omuldinpod.ro\/index.php\/wp-json\/wp\/v2\/posts\/399\/revisions"}],"predecessor-version":[{"id":403,"href":"https:\/\/omuldinpod.ro\/index.php\/wp-json\/wp\/v2\/posts\/399\/revisions\/403"}],"wp:attachment":[{"href":"https:\/\/omuldinpod.ro\/index.php\/wp-json\/wp\/v2\/media?parent=399"}],"wp:term":[{"taxonomy":"category","embeddable":true,"href":"https:\/\/omuldinpod.ro\/index.php\/wp-json\/wp\/v2\/categories?post=399"},{"taxonomy":"post_tag","embeddable":true,"href":"https:\/\/omuldinpod.ro\/index.php\/wp-json\/wp\/v2\/tags?post=399"}],"curies":[{"name":"wp","href":"https:\/\/api.w.org\/{rel}","templated":true}]}}