{"id":389,"date":"2024-01-06T12:29:08","date_gmt":"2024-01-06T12:29:08","guid":{"rendered":"https:\/\/omuldinpod.ro\/?p=389"},"modified":"2024-01-06T12:30:48","modified_gmt":"2024-01-06T12:30:48","slug":"marul-meu-copt","status":"publish","type":"post","link":"https:\/\/omuldinpod.ro\/index.php\/2024\/01\/06\/marul-meu-copt\/","title":{"rendered":"M\u0103rul meu copt"},"content":{"rendered":"\t\t<div data-elementor-type=\"wp-post\" data-elementor-id=\"389\" class=\"elementor elementor-389\">\n\t\t\t\t\t\t\t<div class=\"elementor-element elementor-element-9744448 e-flex e-con-boxed e-con e-parent\" data-id=\"9744448\" data-element_type=\"container\" data-settings=\"{&quot;content_width&quot;:&quot;boxed&quot;}\" data-core-v316-plus=\"true\">\n\t\t\t\t\t<div class=\"e-con-inner\">\n\t\t\t\t<div class=\"elementor-element elementor-element-e8cd2c2 elementor-widget elementor-widget-text-editor\" data-id=\"e8cd2c2\" data-element_type=\"widget\" data-widget_type=\"text-editor.default\">\n\t\t\t\t<div class=\"elementor-widget-container\">\n\t\t\t<style>\/*! elementor - v3.18.0 - 20-12-2023 *\/\n.elementor-widget-text-editor.elementor-drop-cap-view-stacked .elementor-drop-cap{background-color:#69727d;color:#fff}.elementor-widget-text-editor.elementor-drop-cap-view-framed .elementor-drop-cap{color:#69727d;border:3px solid;background-color:transparent}.elementor-widget-text-editor:not(.elementor-drop-cap-view-default) .elementor-drop-cap{margin-top:8px}.elementor-widget-text-editor:not(.elementor-drop-cap-view-default) .elementor-drop-cap-letter{width:1em;height:1em}.elementor-widget-text-editor .elementor-drop-cap{float:left;text-align:center;line-height:1;font-size:50px}.elementor-widget-text-editor .elementor-drop-cap-letter{display:inline-block}<\/style>\t\t\t\t<blockquote><p>Ai lacrimi s\u0103 pl\u00e2ngi, ai cor\u0103bii s\u0103 \u00eeneci <br \/>Ai p\u0103st\u0103i de vraj\u0103, ai bra\u021be goale, visuri<br \/>Ai c\u00e2rciumi scufundate \u00een alcool <br \/>Ai regele pe tabl\u0103, eu am doar un bufon<\/p><p>Cine te crede? Suflet r\u0103u \u0219i sp\u00e2n,<br \/>Cine m\u0103 vede? Arc de cerc, bl\u00e2nd,<br \/>Cine te \u0219terge? R\u00e2zi tu, r\u00e2zi acum <br \/>Plin\u0103 de pete, cum te love\u0219ti de fum<\/p><p>Ai avut dreptate cu tabla ta de \u0219ah&#8230;<br \/>Calul meu din p\u0103tr\u0103\u021bic\u0103 necheaz\u0103 sup\u0103rat<br \/>Nu \u021bi-a ajuns un rege, ai vrut un clovn drept \u00eemp\u0103rat<br \/>C\u0103l\u0103re\u0219te tu acum, \u0219i pleac\u0103 la galop <br \/>M\u0103n\u00e2nc\u0103 tu cotorul, r\u0103m\u00e2n eu cu m\u0103rul copt <\/p><\/blockquote>\t\t\t\t\t\t<\/div>\n\t\t\t\t<\/div>\n\t\t\t\t\t<\/div>\n\t\t\t\t<\/div>\n\t\t\t\t\t\t\t<\/div>\n\t\t","protected":false},"excerpt":{"rendered":"<p>Ai lacrimi s\u0103 pl\u00e2ngi, ai cor\u0103bii s\u0103 \u00eeneci Ai p\u0103st\u0103i de vraj\u0103, ai bra\u021be goale,&#8230;<\/p>\n","protected":false},"author":1,"featured_media":0,"comment_status":"open","ping_status":"open","sticky":false,"template":"","format":"standard","meta":{"footnotes":""},"categories":[4,6],"tags":[],"aioseo_notices":[],"_links":{"self":[{"href":"https:\/\/omuldinpod.ro\/index.php\/wp-json\/wp\/v2\/posts\/389"}],"collection":[{"href":"https:\/\/omuldinpod.ro\/index.php\/wp-json\/wp\/v2\/posts"}],"about":[{"href":"https:\/\/omuldinpod.ro\/index.php\/wp-json\/wp\/v2\/types\/post"}],"author":[{"embeddable":true,"href":"https:\/\/omuldinpod.ro\/index.php\/wp-json\/wp\/v2\/users\/1"}],"replies":[{"embeddable":true,"href":"https:\/\/omuldinpod.ro\/index.php\/wp-json\/wp\/v2\/comments?post=389"}],"version-history":[{"count":4,"href":"https:\/\/omuldinpod.ro\/index.php\/wp-json\/wp\/v2\/posts\/389\/revisions"}],"predecessor-version":[{"id":393,"href":"https:\/\/omuldinpod.ro\/index.php\/wp-json\/wp\/v2\/posts\/389\/revisions\/393"}],"wp:attachment":[{"href":"https:\/\/omuldinpod.ro\/index.php\/wp-json\/wp\/v2\/media?parent=389"}],"wp:term":[{"taxonomy":"category","embeddable":true,"href":"https:\/\/omuldinpod.ro\/index.php\/wp-json\/wp\/v2\/categories?post=389"},{"taxonomy":"post_tag","embeddable":true,"href":"https:\/\/omuldinpod.ro\/index.php\/wp-json\/wp\/v2\/tags?post=389"}],"curies":[{"name":"wp","href":"https:\/\/api.w.org\/{rel}","templated":true}]}}