{"id":379,"date":"2024-01-06T12:24:57","date_gmt":"2024-01-06T12:24:57","guid":{"rendered":"https:\/\/omuldinpod.ro\/?p=379"},"modified":"2024-01-06T12:26:27","modified_gmt":"2024-01-06T12:26:27","slug":"pentru-tine-sau-pentru-mine","status":"publish","type":"post","link":"https:\/\/omuldinpod.ro\/index.php\/2024\/01\/06\/pentru-tine-sau-pentru-mine\/","title":{"rendered":"Pentru tine&#8230; sau pentru mine&#8230;"},"content":{"rendered":"\t\t<div data-elementor-type=\"wp-post\" data-elementor-id=\"379\" class=\"elementor elementor-379\">\n\t\t\t\t\t\t\t<div class=\"elementor-element elementor-element-b288f03 e-flex e-con-boxed e-con e-parent\" data-id=\"b288f03\" data-element_type=\"container\" data-settings=\"{&quot;content_width&quot;:&quot;boxed&quot;}\" data-core-v316-plus=\"true\">\n\t\t\t\t\t<div class=\"e-con-inner\">\n\t\t\t\t<div class=\"elementor-element elementor-element-35b8f8b elementor-widget elementor-widget-text-editor\" data-id=\"35b8f8b\" data-element_type=\"widget\" data-widget_type=\"text-editor.default\">\n\t\t\t\t<div class=\"elementor-widget-container\">\n\t\t\t<style>\/*! elementor - v3.18.0 - 20-12-2023 *\/\n.elementor-widget-text-editor.elementor-drop-cap-view-stacked .elementor-drop-cap{background-color:#69727d;color:#fff}.elementor-widget-text-editor.elementor-drop-cap-view-framed .elementor-drop-cap{color:#69727d;border:3px solid;background-color:transparent}.elementor-widget-text-editor:not(.elementor-drop-cap-view-default) .elementor-drop-cap{margin-top:8px}.elementor-widget-text-editor:not(.elementor-drop-cap-view-default) .elementor-drop-cap-letter{width:1em;height:1em}.elementor-widget-text-editor .elementor-drop-cap{float:left;text-align:center;line-height:1;font-size:50px}.elementor-widget-text-editor .elementor-drop-cap-letter{display:inline-block}<\/style>\t\t\t\t<blockquote><p>Acum ai crescut, \u0219i ai trecut prin toate <br \/>Prin bune, prin rele, \u021bipete, \u0219oapte<br \/>Un pix tocit, un jurnal scris ur\u00e2t <br \/>Am scris pentru tine, ce tu n-ai putut<\/p><p>\u0218i de scris am avut, destul de mult, <br \/>C\u00e2nd durerea love\u0219te, destul de surd <br \/>Paginile vorbesc, c\u00e2nd eu r\u0103m\u00e2n mut <br \/>\u00cen lumea ce n-o am \u0219i nu m-a avut<\/p><p>\u00cen clipa ce-o \u0219tiu, ce s-a petrecut <br \/>Acul se \u00eendoaie, la fix a b\u0103tut <br \/>Acum deschid u\u0219a! La fix ai b\u0103tut&#8230; <br \/>Vrei ceva de m\u00e2ncare? De b\u0103ut?<\/p><p>Nu m\u0103 \u021bine din scurt, nu m-ai avut, <br \/>Nu te mai \u021bin mult, oricum tu ai vrut,<br \/>Nu te mai ascult, pleac\u0103 nu te aud<br \/>Am renun\u021bat am\u00e2ndoi, a durut&#8230;<\/p><\/blockquote>\t\t\t\t\t\t<\/div>\n\t\t\t\t<\/div>\n\t\t\t\t\t<\/div>\n\t\t\t\t<\/div>\n\t\t\t\t\t\t\t<\/div>\n\t\t","protected":false},"excerpt":{"rendered":"<p>Acum ai crescut, \u0219i ai trecut prin toate Prin bune, prin rele, \u021bipete, \u0219oapteUn pix&#8230;<\/p>\n","protected":false},"author":1,"featured_media":0,"comment_status":"open","ping_status":"open","sticky":false,"template":"","format":"standard","meta":{"footnotes":""},"categories":[4,6],"tags":[],"aioseo_notices":[],"_links":{"self":[{"href":"https:\/\/omuldinpod.ro\/index.php\/wp-json\/wp\/v2\/posts\/379"}],"collection":[{"href":"https:\/\/omuldinpod.ro\/index.php\/wp-json\/wp\/v2\/posts"}],"about":[{"href":"https:\/\/omuldinpod.ro\/index.php\/wp-json\/wp\/v2\/types\/post"}],"author":[{"embeddable":true,"href":"https:\/\/omuldinpod.ro\/index.php\/wp-json\/wp\/v2\/users\/1"}],"replies":[{"embeddable":true,"href":"https:\/\/omuldinpod.ro\/index.php\/wp-json\/wp\/v2\/comments?post=379"}],"version-history":[{"count":4,"href":"https:\/\/omuldinpod.ro\/index.php\/wp-json\/wp\/v2\/posts\/379\/revisions"}],"predecessor-version":[{"id":383,"href":"https:\/\/omuldinpod.ro\/index.php\/wp-json\/wp\/v2\/posts\/379\/revisions\/383"}],"wp:attachment":[{"href":"https:\/\/omuldinpod.ro\/index.php\/wp-json\/wp\/v2\/media?parent=379"}],"wp:term":[{"taxonomy":"category","embeddable":true,"href":"https:\/\/omuldinpod.ro\/index.php\/wp-json\/wp\/v2\/categories?post=379"},{"taxonomy":"post_tag","embeddable":true,"href":"https:\/\/omuldinpod.ro\/index.php\/wp-json\/wp\/v2\/tags?post=379"}],"curies":[{"name":"wp","href":"https:\/\/api.w.org\/{rel}","templated":true}]}}