{"id":363,"date":"2024-01-06T12:13:30","date_gmt":"2024-01-06T12:13:30","guid":{"rendered":"https:\/\/omuldinpod.ro\/?p=363"},"modified":"2024-01-06T12:17:21","modified_gmt":"2024-01-06T12:17:21","slug":"gandul-meu-despletit","status":"publish","type":"post","link":"https:\/\/omuldinpod.ro\/index.php\/2024\/01\/06\/gandul-meu-despletit\/","title":{"rendered":"G\u00e2ndul meu despletit"},"content":{"rendered":"\t\t<div data-elementor-type=\"wp-post\" data-elementor-id=\"363\" class=\"elementor elementor-363\">\n\t\t\t\t\t\t\t<div class=\"elementor-element elementor-element-3953dea e-flex e-con-boxed e-con e-parent\" data-id=\"3953dea\" data-element_type=\"container\" data-settings=\"{&quot;content_width&quot;:&quot;boxed&quot;}\" data-core-v316-plus=\"true\">\n\t\t\t\t\t<div class=\"e-con-inner\">\n\t\t\t\t<div class=\"elementor-element elementor-element-bb3e5c5 elementor-widget elementor-widget-text-editor\" data-id=\"bb3e5c5\" data-element_type=\"widget\" data-widget_type=\"text-editor.default\">\n\t\t\t\t<div class=\"elementor-widget-container\">\n\t\t\t<style>\/*! elementor - v3.18.0 - 20-12-2023 *\/\n.elementor-widget-text-editor.elementor-drop-cap-view-stacked .elementor-drop-cap{background-color:#69727d;color:#fff}.elementor-widget-text-editor.elementor-drop-cap-view-framed .elementor-drop-cap{color:#69727d;border:3px solid;background-color:transparent}.elementor-widget-text-editor:not(.elementor-drop-cap-view-default) .elementor-drop-cap{margin-top:8px}.elementor-widget-text-editor:not(.elementor-drop-cap-view-default) .elementor-drop-cap-letter{width:1em;height:1em}.elementor-widget-text-editor .elementor-drop-cap{float:left;text-align:center;line-height:1;font-size:50px}.elementor-widget-text-editor .elementor-drop-cap-letter{display:inline-block}<\/style>\t\t\t\t<blockquote><p>Pe ni\u0219te perne moi, st\u0103 g\u00e2ndul neclintit,<br \/>N-am pace nici s\u0103 tac, n-am pace nici s\u0103 zic<br \/>Pe o saltea de umbr\u0103, st\u0103 g\u00e2ndul despletit,<br \/>N-am pace nici s\u0103 \u00eenghe\u021b, n-am pace nici s\u0103 frig<\/p><p><br \/>Vorbesc numai cu tine, M\u0103rite \u00cemp\u0103rat<br \/>M\u00e2ng\u00e2iat cu flori de stuc, \u00een\u021bepat cu spini de brad,<br \/>Ars \u00een t\u0103lpi \u0219i ud \u00een coate, beat de via\u021b\u0103 \u0219i de moarte<br \/>Dac\u0103 \u00ee\u021bi dau limba \u00een dar, taie-o tu pe jum\u0103tate<\/p><\/blockquote>\t\t\t\t\t\t<\/div>\n\t\t\t\t<\/div>\n\t\t\t\t\t<\/div>\n\t\t\t\t<\/div>\n\t\t\t\t\t\t\t<\/div>\n\t\t","protected":false},"excerpt":{"rendered":"<p>Pe ni\u0219te perne moi, st\u0103 g\u00e2ndul neclintit,N-am pace nici s\u0103 tac, n-am pace nici s\u0103&#8230;<\/p>\n","protected":false},"author":1,"featured_media":0,"comment_status":"open","ping_status":"open","sticky":false,"template":"","format":"standard","meta":{"footnotes":""},"categories":[4,6],"tags":[],"aioseo_notices":[],"_links":{"self":[{"href":"https:\/\/omuldinpod.ro\/index.php\/wp-json\/wp\/v2\/posts\/363"}],"collection":[{"href":"https:\/\/omuldinpod.ro\/index.php\/wp-json\/wp\/v2\/posts"}],"about":[{"href":"https:\/\/omuldinpod.ro\/index.php\/wp-json\/wp\/v2\/types\/post"}],"author":[{"embeddable":true,"href":"https:\/\/omuldinpod.ro\/index.php\/wp-json\/wp\/v2\/users\/1"}],"replies":[{"embeddable":true,"href":"https:\/\/omuldinpod.ro\/index.php\/wp-json\/wp\/v2\/comments?post=363"}],"version-history":[{"count":10,"href":"https:\/\/omuldinpod.ro\/index.php\/wp-json\/wp\/v2\/posts\/363\/revisions"}],"predecessor-version":[{"id":373,"href":"https:\/\/omuldinpod.ro\/index.php\/wp-json\/wp\/v2\/posts\/363\/revisions\/373"}],"wp:attachment":[{"href":"https:\/\/omuldinpod.ro\/index.php\/wp-json\/wp\/v2\/media?parent=363"}],"wp:term":[{"taxonomy":"category","embeddable":true,"href":"https:\/\/omuldinpod.ro\/index.php\/wp-json\/wp\/v2\/categories?post=363"},{"taxonomy":"post_tag","embeddable":true,"href":"https:\/\/omuldinpod.ro\/index.php\/wp-json\/wp\/v2\/tags?post=363"}],"curies":[{"name":"wp","href":"https:\/\/api.w.org\/{rel}","templated":true}]}}