{"id":300,"date":"2024-01-06T11:43:12","date_gmt":"2024-01-06T11:43:12","guid":{"rendered":"https:\/\/omuldinpod.ro\/?p=300"},"modified":"2024-01-06T11:44:30","modified_gmt":"2024-01-06T11:44:30","slug":"pe-un-varf-de-ac","status":"publish","type":"post","link":"https:\/\/omuldinpod.ro\/index.php\/2024\/01\/06\/pe-un-varf-de-ac\/","title":{"rendered":"\u00a0Pe-un v\u00e2rf de ac"},"content":{"rendered":"\t\t<div data-elementor-type=\"wp-post\" data-elementor-id=\"300\" class=\"elementor elementor-300\">\n\t\t\t\t\t\t\t<div class=\"elementor-element elementor-element-1acd436 e-flex e-con-boxed e-con e-parent\" data-id=\"1acd436\" data-element_type=\"container\" data-settings=\"{&quot;content_width&quot;:&quot;boxed&quot;}\" data-core-v316-plus=\"true\">\n\t\t\t\t\t<div class=\"e-con-inner\">\n\t\t\t\t<div class=\"elementor-element elementor-element-acb0ff8 elementor-widget elementor-widget-text-editor\" data-id=\"acb0ff8\" data-element_type=\"widget\" data-widget_type=\"text-editor.default\">\n\t\t\t\t<div class=\"elementor-widget-container\">\n\t\t\t<style>\/*! elementor - v3.18.0 - 20-12-2023 *\/\n.elementor-widget-text-editor.elementor-drop-cap-view-stacked .elementor-drop-cap{background-color:#69727d;color:#fff}.elementor-widget-text-editor.elementor-drop-cap-view-framed .elementor-drop-cap{color:#69727d;border:3px solid;background-color:transparent}.elementor-widget-text-editor:not(.elementor-drop-cap-view-default) .elementor-drop-cap{margin-top:8px}.elementor-widget-text-editor:not(.elementor-drop-cap-view-default) .elementor-drop-cap-letter{width:1em;height:1em}.elementor-widget-text-editor .elementor-drop-cap{float:left;text-align:center;line-height:1;font-size:50px}.elementor-widget-text-editor .elementor-drop-cap-letter{display:inline-block}<\/style>\t\t\t\t<blockquote><p>D\u0103-mi m\u0103rgele de g\u00e2ndire, <br \/>D\u0103-mi o pat\u0103 ce sclipe\u0219te,<br \/>D\u0103-mi o noapte petrecut\u0103 <br \/>Printre ale min\u021bii pe\u0219teri<\/p><p>C\u00e2t c\u00e2inele roade osul,<br \/>Petrecuta-mi al meu veac <br \/>\u00centr-o coaj\u0103 de dovleac <br \/>C\u00e2t ai spune v\u00e2rf de ac<\/p><p>Poate n-am eu chip de vrac,<br \/>Dar azi m-am teleportat <br \/>\u00centr-o lume f\u0103r\u2019 de leac <br \/>\u0218i m-am urcat pe-un v\u00e2rf de ac<\/p><\/blockquote>\t\t\t\t\t\t<\/div>\n\t\t\t\t<\/div>\n\t\t\t\t\t<\/div>\n\t\t\t\t<\/div>\n\t\t\t\t\t\t\t<\/div>\n\t\t","protected":false},"excerpt":{"rendered":"<p>D\u0103-mi m\u0103rgele de g\u00e2ndire, D\u0103-mi o pat\u0103 ce sclipe\u0219te,D\u0103-mi o noapte petrecut\u0103 Printre ale min\u021bii&#8230;<\/p>\n","protected":false},"author":1,"featured_media":0,"comment_status":"open","ping_status":"open","sticky":false,"template":"","format":"standard","meta":{"footnotes":""},"categories":[4,6],"tags":[],"aioseo_notices":[],"_links":{"self":[{"href":"https:\/\/omuldinpod.ro\/index.php\/wp-json\/wp\/v2\/posts\/300"}],"collection":[{"href":"https:\/\/omuldinpod.ro\/index.php\/wp-json\/wp\/v2\/posts"}],"about":[{"href":"https:\/\/omuldinpod.ro\/index.php\/wp-json\/wp\/v2\/types\/post"}],"author":[{"embeddable":true,"href":"https:\/\/omuldinpod.ro\/index.php\/wp-json\/wp\/v2\/users\/1"}],"replies":[{"embeddable":true,"href":"https:\/\/omuldinpod.ro\/index.php\/wp-json\/wp\/v2\/comments?post=300"}],"version-history":[{"count":4,"href":"https:\/\/omuldinpod.ro\/index.php\/wp-json\/wp\/v2\/posts\/300\/revisions"}],"predecessor-version":[{"id":304,"href":"https:\/\/omuldinpod.ro\/index.php\/wp-json\/wp\/v2\/posts\/300\/revisions\/304"}],"wp:attachment":[{"href":"https:\/\/omuldinpod.ro\/index.php\/wp-json\/wp\/v2\/media?parent=300"}],"wp:term":[{"taxonomy":"category","embeddable":true,"href":"https:\/\/omuldinpod.ro\/index.php\/wp-json\/wp\/v2\/categories?post=300"},{"taxonomy":"post_tag","embeddable":true,"href":"https:\/\/omuldinpod.ro\/index.php\/wp-json\/wp\/v2\/tags?post=300"}],"curies":[{"name":"wp","href":"https:\/\/api.w.org\/{rel}","templated":true}]}}