{"id":280,"date":"2024-01-06T11:35:32","date_gmt":"2024-01-06T11:35:32","guid":{"rendered":"https:\/\/omuldinpod.ro\/?p=280"},"modified":"2024-01-06T11:37:12","modified_gmt":"2024-01-06T11:37:12","slug":"un-ultim-drum-catre-eternitate","status":"publish","type":"post","link":"https:\/\/omuldinpod.ro\/index.php\/2024\/01\/06\/un-ultim-drum-catre-eternitate\/","title":{"rendered":"\u00a0Un ultim drum c\u0103tre eternitate&#8230;"},"content":{"rendered":"\t\t<div data-elementor-type=\"wp-post\" data-elementor-id=\"280\" class=\"elementor elementor-280\">\n\t\t\t\t\t\t\t<div class=\"elementor-element elementor-element-65972cd e-flex e-con-boxed e-con e-parent\" data-id=\"65972cd\" data-element_type=\"container\" data-settings=\"{&quot;content_width&quot;:&quot;boxed&quot;}\" data-core-v316-plus=\"true\">\n\t\t\t\t\t<div class=\"e-con-inner\">\n\t\t\t\t<div class=\"elementor-element elementor-element-ddbd3e3 elementor-widget elementor-widget-text-editor\" data-id=\"ddbd3e3\" data-element_type=\"widget\" data-widget_type=\"text-editor.default\">\n\t\t\t\t<div class=\"elementor-widget-container\">\n\t\t\t<style>\/*! elementor - v3.18.0 - 20-12-2023 *\/\n.elementor-widget-text-editor.elementor-drop-cap-view-stacked .elementor-drop-cap{background-color:#69727d;color:#fff}.elementor-widget-text-editor.elementor-drop-cap-view-framed .elementor-drop-cap{color:#69727d;border:3px solid;background-color:transparent}.elementor-widget-text-editor:not(.elementor-drop-cap-view-default) .elementor-drop-cap{margin-top:8px}.elementor-widget-text-editor:not(.elementor-drop-cap-view-default) .elementor-drop-cap-letter{width:1em;height:1em}.elementor-widget-text-editor .elementor-drop-cap{float:left;text-align:center;line-height:1;font-size:50px}.elementor-widget-text-editor .elementor-drop-cap-letter{display:inline-block}<\/style>\t\t\t\t<blockquote><p>Cu to\u021bii suntem pasagerii clandestini ai acestei vie\u021bi, ai acestui r\u0103stimp ce te prive\u0219te din r\u0103sp\u0103r. <br \/>Ne ascundem r\u00e2z\u00e2nd, \u00een toaleta trenului, ca nu cumva s\u0103 ne g\u0103seasc\u0103 controlorul. P\u00e2n\u0103 c\u00e2nd, \u00eentr-un final, ajungem la cap\u0103t de linie, \u0219i nevoi\u021bi, cobor\u00e2m. <br \/>Unii dintre noi mai rapid, sar peste treptele vagonului, al\u021bii mai lent, a\u0219teapt\u0103 emo\u021biona\u021bi \u0219i neputincio\u0219i ca toat\u0103 lumea s\u0103 coboare \u00eenaintea lor.<br \/>Cert este c\u0103&#8230; odat\u0103 ce-ai cobor\u00e2t din tren, nu te va mai \u00eentreba nimeni, niciodat\u0103, dac\u0103 ai avut bilet&#8230; sau nu&#8230; <\/p><\/blockquote>\t\t\t\t\t\t<\/div>\n\t\t\t\t<\/div>\n\t\t\t\t\t<\/div>\n\t\t\t\t<\/div>\n\t\t\t\t\t\t\t<\/div>\n\t\t","protected":false},"excerpt":{"rendered":"<p>Cu to\u021bii suntem pasagerii clandestini ai acestei vie\u021bi, ai acestui r\u0103stimp ce te prive\u0219te din&#8230;<\/p>\n","protected":false},"author":1,"featured_media":0,"comment_status":"open","ping_status":"open","sticky":false,"template":"","format":"standard","meta":{"footnotes":""},"categories":[4,6],"tags":[],"aioseo_notices":[],"_links":{"self":[{"href":"https:\/\/omuldinpod.ro\/index.php\/wp-json\/wp\/v2\/posts\/280"}],"collection":[{"href":"https:\/\/omuldinpod.ro\/index.php\/wp-json\/wp\/v2\/posts"}],"about":[{"href":"https:\/\/omuldinpod.ro\/index.php\/wp-json\/wp\/v2\/types\/post"}],"author":[{"embeddable":true,"href":"https:\/\/omuldinpod.ro\/index.php\/wp-json\/wp\/v2\/users\/1"}],"replies":[{"embeddable":true,"href":"https:\/\/omuldinpod.ro\/index.php\/wp-json\/wp\/v2\/comments?post=280"}],"version-history":[{"count":4,"href":"https:\/\/omuldinpod.ro\/index.php\/wp-json\/wp\/v2\/posts\/280\/revisions"}],"predecessor-version":[{"id":284,"href":"https:\/\/omuldinpod.ro\/index.php\/wp-json\/wp\/v2\/posts\/280\/revisions\/284"}],"wp:attachment":[{"href":"https:\/\/omuldinpod.ro\/index.php\/wp-json\/wp\/v2\/media?parent=280"}],"wp:term":[{"taxonomy":"category","embeddable":true,"href":"https:\/\/omuldinpod.ro\/index.php\/wp-json\/wp\/v2\/categories?post=280"},{"taxonomy":"post_tag","embeddable":true,"href":"https:\/\/omuldinpod.ro\/index.php\/wp-json\/wp\/v2\/tags?post=280"}],"curies":[{"name":"wp","href":"https:\/\/api.w.org\/{rel}","templated":true}]}}